{"id":3558,"date":"2018-10-01T02:08:28","date_gmt":"2018-10-01T00:08:28","guid":{"rendered":"http:\/\/podrozemaleiduze.co\/?p=3558"},"modified":"2018-10-01T19:19:52","modified_gmt":"2018-10-01T17:19:52","slug":"madryt-nagania","status":"publish","type":"post","link":"http:\/\/podrozemaleiduze.co\/index.php\/2018\/10\/01\/madryt-nagania\/","title":{"rendered":"Madryt nagania"},"content":{"rendered":"<p>W g\u0142owie prze\u015bladuje mnie test jednej z ostatnich piosenek Kazika. Otwieram rano oczy i widz\u0119 nasz\u0105 map\u0119 \u015bwiata, na kt\u00f3rej wielka pinezkowa dziura w Europie. To niedopuszczalne. Nied\u017awied\u017a nie \u015bpi, nied\u017awied\u017a ci\u0105gle planuje.<\/p>\n<p><img loading=\"lazy\" class=\"wp-image-3598 alignnone size-full\" src=\"http:\/\/podrozemaleiduze.co\/wp-content\/uploads\/2018\/10\/20181001_0143295490976070320622958.jpg\" width=\"2999\" height=\"1458\" srcset=\"http:\/\/podrozemaleiduze.co\/wp-content\/uploads\/2018\/10\/20181001_0143295490976070320622958.jpg 2999w, http:\/\/podrozemaleiduze.co\/wp-content\/uploads\/2018\/10\/20181001_0143295490976070320622958-300x146.jpg 300w, http:\/\/podrozemaleiduze.co\/wp-content\/uploads\/2018\/10\/20181001_0143295490976070320622958-768x373.jpg 768w, http:\/\/podrozemaleiduze.co\/wp-content\/uploads\/2018\/10\/20181001_0143295490976070320622958-1024x498.jpg 1024w\" sizes=\"(max-width: 2999px) 100vw, 2999px\" \/><\/p>\n<p>Ryanair z Berlina. L\u0105dujemy w pi\u0105tkow\u0105 prawie p\u00f3\u0142noc. Taks\u00f3wk\u0105 do hotelu, \u017ceby szybko znale\u017a\u0107 si\u0119 w \u0142\u00f3\u017cku. Ale hej\u017ce, nie tak pr\u0119dko!<\/p>\n<p>Wje\u017cd\u017cajc do centrum jako\u015b tak jasno, sporo ludzi. Hmm. Nasz skromny hotel znajduje si\u0119 niemal\u017ce w sercu Madrytu, na placu przy operze. Wysiadamy z taks\u00f3wki, s\u0142yszymy gwar, ciep\u0142a noc, knajpy pe\u0142ne. Ju\u017c nikt nie pami\u0119ta jaki by\u0142 plan. Nowym celem jest szybko porzuci\u0107 plecaki w hotelu zwanym tu hostalem i p\u0119dem do baru!<\/p>\n<p>Zd\u0105\u017camy, ludzie dalej siedz\u0105, pij\u0105, kelner s\u0142u\u017cy. No to jest \u017cycie jak w Madrycie!<\/p>\n<p>Zamawiamy vino de verano gdy\u017c Alejandro, hiszpa\u0144ski nauczyciel Nied\u017awidka oznajmi\u0142, \u017ce Sangria to \u015bciema dla turyst\u00f3w. Trzeba pi\u0107 vino de verano. Tak te\u017c robimy.<\/p>\n<p><img loading=\"lazy\" class=\"wp-image-3565 alignnone size-full\" src=\"http:\/\/podrozemaleiduze.co\/wp-content\/uploads\/2018\/09\/20180915_2258491918377220595477642.jpg\" width=\"2999\" height=\"1458\" srcset=\"http:\/\/podrozemaleiduze.co\/wp-content\/uploads\/2018\/09\/20180915_2258491918377220595477642.jpg 2999w, http:\/\/podrozemaleiduze.co\/wp-content\/uploads\/2018\/09\/20180915_2258491918377220595477642-300x146.jpg 300w, http:\/\/podrozemaleiduze.co\/wp-content\/uploads\/2018\/09\/20180915_2258491918377220595477642-768x373.jpg 768w, http:\/\/podrozemaleiduze.co\/wp-content\/uploads\/2018\/09\/20180915_2258491918377220595477642-1024x498.jpg 1024w\" sizes=\"(max-width: 2999px) 100vw, 2999px\" \/><\/p>\n<p>Rano ruszamy penetrowa\u0107 hiszpa\u0144ska stolic\u0119.<\/p>\n<p>Palacio Real, Jardines dr Sabatini, Plaza Mayor, katedra, uliczki, chodzi\u0107, pi\u0107, chodzic, je\u015b\u0107. Vermut, tapas, vino de verano, tapas.<\/p>\n<p><img loading=\"lazy\" class=\"wp-image-3578 alignnone size-full\" src=\"http:\/\/podrozemaleiduze.co\/wp-content\/uploads\/2018\/09\/img-20180929-wa00134700607526397302383.jpg\" width=\"1600\" height=\"1200\" srcset=\"http:\/\/podrozemaleiduze.co\/wp-content\/uploads\/2018\/09\/img-20180929-wa00134700607526397302383.jpg 1600w, http:\/\/podrozemaleiduze.co\/wp-content\/uploads\/2018\/09\/img-20180929-wa00134700607526397302383-300x225.jpg 300w, http:\/\/podrozemaleiduze.co\/wp-content\/uploads\/2018\/09\/img-20180929-wa00134700607526397302383-768x576.jpg 768w, http:\/\/podrozemaleiduze.co\/wp-content\/uploads\/2018\/09\/img-20180929-wa00134700607526397302383-1024x768.jpg 1024w\" sizes=\"(max-width: 1600px) 100vw, 1600px\" \/><\/p>\n<p><img loading=\"lazy\" class=\"alignnone size-full wp-image-3579\" src=\"http:\/\/podrozemaleiduze.co\/wp-content\/uploads\/2018\/09\/img-20180929-wa00125442570033721078049.jpg\" width=\"1600\" height=\"1200\" srcset=\"http:\/\/podrozemaleiduze.co\/wp-content\/uploads\/2018\/09\/img-20180929-wa00125442570033721078049.jpg 1600w, http:\/\/podrozemaleiduze.co\/wp-content\/uploads\/2018\/09\/img-20180929-wa00125442570033721078049-300x225.jpg 300w, http:\/\/podrozemaleiduze.co\/wp-content\/uploads\/2018\/09\/img-20180929-wa00125442570033721078049-768x576.jpg 768w, http:\/\/podrozemaleiduze.co\/wp-content\/uploads\/2018\/09\/img-20180929-wa00125442570033721078049-1024x768.jpg 1024w\" sizes=\"(max-width: 1600px) 100vw, 1600px\" \/><\/p>\n<p><img loading=\"lazy\" class=\"wp-image-3576 alignnone size-full\" src=\"http:\/\/podrozemaleiduze.co\/wp-content\/uploads\/2018\/09\/img-20180929-wa00105664035894968525751.jpg\" width=\"1200\" height=\"1600\" srcset=\"http:\/\/podrozemaleiduze.co\/wp-content\/uploads\/2018\/09\/img-20180929-wa00105664035894968525751.jpg 1200w, http:\/\/podrozemaleiduze.co\/wp-content\/uploads\/2018\/09\/img-20180929-wa00105664035894968525751-225x300.jpg 225w, http:\/\/podrozemaleiduze.co\/wp-content\/uploads\/2018\/09\/img-20180929-wa00105664035894968525751-768x1024.jpg 768w\" sizes=\"(max-width: 1200px) 100vw, 1200px\" \/><\/p>\n<p><img loading=\"lazy\" class=\"wp-image-3577 alignnone size-full\" src=\"http:\/\/podrozemaleiduze.co\/wp-content\/uploads\/2018\/09\/img-20180929-wa00114120057622184044434.jpg\" width=\"1600\" height=\"1200\" srcset=\"http:\/\/podrozemaleiduze.co\/wp-content\/uploads\/2018\/09\/img-20180929-wa00114120057622184044434.jpg 1600w, http:\/\/podrozemaleiduze.co\/wp-content\/uploads\/2018\/09\/img-20180929-wa00114120057622184044434-300x225.jpg 300w, http:\/\/podrozemaleiduze.co\/wp-content\/uploads\/2018\/09\/img-20180929-wa00114120057622184044434-768x576.jpg 768w, http:\/\/podrozemaleiduze.co\/wp-content\/uploads\/2018\/09\/img-20180929-wa00114120057622184044434-1024x768.jpg 1024w\" sizes=\"(max-width: 1600px) 100vw, 1600px\" \/><\/p>\n<p>Wa\u017cny przystanek: Marcado de San Miguel. Miejsce od razu przypada nam do gustu. Wida\u0107, \u017ce to stara konstrukcja, odrestaurowana i obudowana szk\u0142em.<\/p>\n<p><img loading=\"lazy\" class=\"wp-image-3566 alignnone size-full\" src=\"http:\/\/podrozemaleiduze.co\/wp-content\/uploads\/2018\/09\/20180915_1133254157530486313075949.jpg\" width=\"2999\" height=\"1458\" srcset=\"http:\/\/podrozemaleiduze.co\/wp-content\/uploads\/2018\/09\/20180915_1133254157530486313075949.jpg 2999w, http:\/\/podrozemaleiduze.co\/wp-content\/uploads\/2018\/09\/20180915_1133254157530486313075949-300x146.jpg 300w, http:\/\/podrozemaleiduze.co\/wp-content\/uploads\/2018\/09\/20180915_1133254157530486313075949-768x373.jpg 768w, http:\/\/podrozemaleiduze.co\/wp-content\/uploads\/2018\/09\/20180915_1133254157530486313075949-1024x498.jpg 1024w\" sizes=\"(max-width: 2999px) 100vw, 2999px\" \/><\/p>\n<p><img loading=\"lazy\" class=\"wp-image-3567 alignnone size-full\" src=\"http:\/\/podrozemaleiduze.co\/wp-content\/uploads\/2018\/09\/20180915_1147516243743627104381430.jpg\" width=\"2999\" height=\"1458\" srcset=\"http:\/\/podrozemaleiduze.co\/wp-content\/uploads\/2018\/09\/20180915_1147516243743627104381430.jpg 2999w, http:\/\/podrozemaleiduze.co\/wp-content\/uploads\/2018\/09\/20180915_1147516243743627104381430-300x146.jpg 300w, http:\/\/podrozemaleiduze.co\/wp-content\/uploads\/2018\/09\/20180915_1147516243743627104381430-768x373.jpg 768w, http:\/\/podrozemaleiduze.co\/wp-content\/uploads\/2018\/09\/20180915_1147516243743627104381430-1024x498.jpg 1024w\" sizes=\"(max-width: 2999px) 100vw, 2999px\" \/><\/p>\n<p>Musimy si\u0119 zatrzyma\u0107 na d\u0142u\u017cej.<\/p>\n<p><img loading=\"lazy\" class=\"alignnone size-full wp-image-3568\" src=\"http:\/\/podrozemaleiduze.co\/wp-content\/uploads\/2018\/09\/20180915_1137417913114993047464139.jpg\" width=\"2999\" height=\"1458\" srcset=\"http:\/\/podrozemaleiduze.co\/wp-content\/uploads\/2018\/09\/20180915_1137417913114993047464139.jpg 2999w, http:\/\/podrozemaleiduze.co\/wp-content\/uploads\/2018\/09\/20180915_1137417913114993047464139-300x146.jpg 300w, http:\/\/podrozemaleiduze.co\/wp-content\/uploads\/2018\/09\/20180915_1137417913114993047464139-768x373.jpg 768w, http:\/\/podrozemaleiduze.co\/wp-content\/uploads\/2018\/09\/20180915_1137417913114993047464139-1024x498.jpg 1024w\" sizes=\"(max-width: 2999px) 100vw, 2999px\" \/><\/p>\n<p><img loading=\"lazy\" class=\"alignnone size-full wp-image-3569\" src=\"http:\/\/podrozemaleiduze.co\/wp-content\/uploads\/2018\/09\/20180915_1137031788695548086694247.jpg\" width=\"1960\" height=\"4032\" srcset=\"http:\/\/podrozemaleiduze.co\/wp-content\/uploads\/2018\/09\/20180915_1137031788695548086694247.jpg 1960w, http:\/\/podrozemaleiduze.co\/wp-content\/uploads\/2018\/09\/20180915_1137031788695548086694247-146x300.jpg 146w, http:\/\/podrozemaleiduze.co\/wp-content\/uploads\/2018\/09\/20180915_1137031788695548086694247-768x1580.jpg 768w, http:\/\/podrozemaleiduze.co\/wp-content\/uploads\/2018\/09\/20180915_1137031788695548086694247-498x1024.jpg 498w\" sizes=\"(max-width: 1960px) 100vw, 1960px\" \/><\/p>\n<p>Potem wizyta w Museo del Prado. Nie jeste\u015bmy znawcami sztuki ale pewne nazwiska przyci\u0105gaj\u0105. Nie powiem, imponuj\u0105ca kolekcja. Warto poby\u0107 w tym miejscu ciut d\u0142u\u017cej.<\/p>\n<p>Na p\u00f3\u017any lunch konieczne lokalne specja\u0142y. Patatas bravas, o\u015bmiornica i sma\u017cone anchois.<\/p>\n<p><img loading=\"lazy\" class=\"wp-image-3575 alignnone size-full\" src=\"http:\/\/podrozemaleiduze.co\/wp-content\/uploads\/2018\/09\/img-20180929-wa00095244307763824403193.jpg\" width=\"1200\" height=\"1600\" srcset=\"http:\/\/podrozemaleiduze.co\/wp-content\/uploads\/2018\/09\/img-20180929-wa00095244307763824403193.jpg 1200w, http:\/\/podrozemaleiduze.co\/wp-content\/uploads\/2018\/09\/img-20180929-wa00095244307763824403193-225x300.jpg 225w, http:\/\/podrozemaleiduze.co\/wp-content\/uploads\/2018\/09\/img-20180929-wa00095244307763824403193-768x1024.jpg 768w\" sizes=\"(max-width: 1200px) 100vw, 1200px\" \/><\/p>\n<p>Do tego wy\u015bmienite, bia\u0142e wino z jednej z lokalnych winnic DO Vinos de Madrid.<\/p>\n<p><img loading=\"lazy\" class=\"wp-image-3584 alignnone size-full\" src=\"http:\/\/podrozemaleiduze.co\/wp-content\/uploads\/2018\/09\/img-20180929-wa00021542261815548929278.jpg\" width=\"1600\" height=\"1200\" srcset=\"http:\/\/podrozemaleiduze.co\/wp-content\/uploads\/2018\/09\/img-20180929-wa00021542261815548929278.jpg 1600w, http:\/\/podrozemaleiduze.co\/wp-content\/uploads\/2018\/09\/img-20180929-wa00021542261815548929278-300x225.jpg 300w, http:\/\/podrozemaleiduze.co\/wp-content\/uploads\/2018\/09\/img-20180929-wa00021542261815548929278-768x576.jpg 768w, http:\/\/podrozemaleiduze.co\/wp-content\/uploads\/2018\/09\/img-20180929-wa00021542261815548929278-1024x768.jpg 1024w\" sizes=\"(max-width: 1600px) 100vw, 1600px\" \/><\/p>\n<p>Potem nast\u0119puje sjesta i to kr\u00f3liczki lubi\u0105 najbardziej. Te\u017c chodzi o to by wieczorem i\u015b\u0107 o przyzwoitej porze na kolacj\u0119 czyli nie wcze\u015bniej ni\u017c 21.00. Jedyny spos\u00f3b bym osi\u0105gn\u0119\u0142a aktywno\u015b\u0107 o takiej porze to jak przedszkolak pospa\u0107 w ci\u0105gu dnia. Na szcz\u0119\u015bcie organizator wycieczki zagadza si\u0119.<\/p>\n<p>Zmrok ogarn\u0105\u0142 Madryt ale zgodnie z przypuszczeniami miasto t\u0119tni \u017cyciem.<\/p>\n<p>Alejandro nakaza\u0142 na kolacj\u0119 uda\u0107 si\u0119 do dzielnicy Latino. Tak czynimy.<\/p>\n<p><img loading=\"lazy\" class=\"wp-image-3572 alignnone size-full\" src=\"http:\/\/podrozemaleiduze.co\/wp-content\/uploads\/2018\/09\/20180915_2029011541181317787469420.jpg\" width=\"2999\" height=\"1458\" srcset=\"http:\/\/podrozemaleiduze.co\/wp-content\/uploads\/2018\/09\/20180915_2029011541181317787469420.jpg 2999w, http:\/\/podrozemaleiduze.co\/wp-content\/uploads\/2018\/09\/20180915_2029011541181317787469420-300x146.jpg 300w, http:\/\/podrozemaleiduze.co\/wp-content\/uploads\/2018\/09\/20180915_2029011541181317787469420-768x373.jpg 768w, http:\/\/podrozemaleiduze.co\/wp-content\/uploads\/2018\/09\/20180915_2029011541181317787469420-1024x498.jpg 1024w\" sizes=\"(max-width: 2999px) 100vw, 2999px\" \/><\/p>\n<p><img loading=\"lazy\" class=\"wp-image-3570 alignnone size-full\" src=\"http:\/\/podrozemaleiduze.co\/wp-content\/uploads\/2018\/09\/20180915_20253366770574629226427.jpg\" width=\"2999\" height=\"1458\" srcset=\"http:\/\/podrozemaleiduze.co\/wp-content\/uploads\/2018\/09\/20180915_20253366770574629226427.jpg 2999w, http:\/\/podrozemaleiduze.co\/wp-content\/uploads\/2018\/09\/20180915_20253366770574629226427-300x146.jpg 300w, http:\/\/podrozemaleiduze.co\/wp-content\/uploads\/2018\/09\/20180915_20253366770574629226427-768x373.jpg 768w, http:\/\/podrozemaleiduze.co\/wp-content\/uploads\/2018\/09\/20180915_20253366770574629226427-1024x498.jpg 1024w\" sizes=\"(max-width: 2999px) 100vw, 2999px\" \/><\/p>\n<p><img loading=\"lazy\" class=\"wp-image-3571 alignnone size-full\" src=\"http:\/\/podrozemaleiduze.co\/wp-content\/uploads\/2018\/09\/20180915_2028545369561966282331842.jpg\" width=\"2999\" height=\"1458\" srcset=\"http:\/\/podrozemaleiduze.co\/wp-content\/uploads\/2018\/09\/20180915_2028545369561966282331842.jpg 2999w, http:\/\/podrozemaleiduze.co\/wp-content\/uploads\/2018\/09\/20180915_2028545369561966282331842-300x146.jpg 300w, http:\/\/podrozemaleiduze.co\/wp-content\/uploads\/2018\/09\/20180915_2028545369561966282331842-768x373.jpg 768w, http:\/\/podrozemaleiduze.co\/wp-content\/uploads\/2018\/09\/20180915_2028545369561966282331842-1024x498.jpg 1024w\" sizes=\"(max-width: 2999px) 100vw, 2999px\" \/><\/p>\n<p>Wcze\u015bniej przystanek na obowi\u0105zkowy drink na dobry wiecz\u00f3r. A mo\u017ce dwa?<\/p>\n<p>Niedziel\u0119 postanawiamy sp\u0119dzi\u0107 w Toledo, gdy\u017c Madryt zosta\u0142 do\u015b\u0107 mocno zeksplorowany dnia poprzedniego.<\/p>\n<p>W nieca\u0142\u0105 godzin\u0119 docieramy turystycznym autobusem. Wcze\u015bniej przystanek na panoramiczne pami\u0105tkowe zdj\u0119cie.<\/p>\n<p><img loading=\"lazy\" class=\"wp-image-3563 alignnone size-full\" src=\"http:\/\/podrozemaleiduze.co\/wp-content\/uploads\/2018\/09\/20180916_1023551762302083493582126.jpg\" width=\"2999\" height=\"1458\" srcset=\"http:\/\/podrozemaleiduze.co\/wp-content\/uploads\/2018\/09\/20180916_1023551762302083493582126.jpg 2999w, http:\/\/podrozemaleiduze.co\/wp-content\/uploads\/2018\/09\/20180916_1023551762302083493582126-300x146.jpg 300w, http:\/\/podrozemaleiduze.co\/wp-content\/uploads\/2018\/09\/20180916_1023551762302083493582126-768x373.jpg 768w, http:\/\/podrozemaleiduze.co\/wp-content\/uploads\/2018\/09\/20180916_1023551762302083493582126-1024x498.jpg 1024w\" sizes=\"(max-width: 2999px) 100vw, 2999px\" \/><\/p>\n<p>Toledo jest szalenie ciekawie po\u0142o\u017cone. Na wzg\u00f3rzu otoczonym rzek\u0105 Tag.<\/p>\n<p>Niestety nasz czas jest mocno ograniczony gdy\u017c wieczorem mamy samolot powrotny, zatem w nieca\u0142e trzy godziny musimy zobaczy\u0107 co trzeba i zje\u015b\u0107 lunch.<\/p>\n<p>Wizyt\u0119 sk\u0142adamy w dw\u00f3ch synagogach gdy\u017c nazwisko zobowi\u0105zuje.<\/p>\n<p><img loading=\"lazy\" class=\"aligncenter size-large wp-image-3606\" src=\"http:\/\/podrozemaleiduze.co\/wp-content\/uploads\/2018\/10\/IMG_9506-683x1024.jpg\" alt=\"\" width=\"683\" height=\"1024\" srcset=\"http:\/\/podrozemaleiduze.co\/wp-content\/uploads\/2018\/10\/IMG_9506-683x1024.jpg 683w, http:\/\/podrozemaleiduze.co\/wp-content\/uploads\/2018\/10\/IMG_9506-200x300.jpg 200w, http:\/\/podrozemaleiduze.co\/wp-content\/uploads\/2018\/10\/IMG_9506-768x1152.jpg 768w\" sizes=\"(max-width: 683px) 100vw, 683px\" \/><\/p>\n<p>&nbsp;<\/p>\n<p><img loading=\"lazy\" class=\"aligncenter size-large wp-image-3607\" src=\"http:\/\/podrozemaleiduze.co\/wp-content\/uploads\/2018\/10\/IMG_9513-1024x683.jpg\" alt=\"\" width=\"1024\" height=\"683\" srcset=\"http:\/\/podrozemaleiduze.co\/wp-content\/uploads\/2018\/10\/IMG_9513-1024x683.jpg 1024w, http:\/\/podrozemaleiduze.co\/wp-content\/uploads\/2018\/10\/IMG_9513-300x200.jpg 300w, http:\/\/podrozemaleiduze.co\/wp-content\/uploads\/2018\/10\/IMG_9513-768x512.jpg 768w\" sizes=\"(max-width: 1024px) 100vw, 1024px\" \/><\/p>\n<p><img loading=\"lazy\" class=\"wp-image-3581 alignnone size-full\" src=\"http:\/\/podrozemaleiduze.co\/wp-content\/uploads\/2018\/09\/img-20180929-wa00071028613037512743662.jpg\" width=\"1600\" height=\"1200\" srcset=\"http:\/\/podrozemaleiduze.co\/wp-content\/uploads\/2018\/09\/img-20180929-wa00071028613037512743662.jpg 1600w, http:\/\/podrozemaleiduze.co\/wp-content\/uploads\/2018\/09\/img-20180929-wa00071028613037512743662-300x225.jpg 300w, http:\/\/podrozemaleiduze.co\/wp-content\/uploads\/2018\/09\/img-20180929-wa00071028613037512743662-768x576.jpg 768w, http:\/\/podrozemaleiduze.co\/wp-content\/uploads\/2018\/09\/img-20180929-wa00071028613037512743662-1024x768.jpg 1024w\" sizes=\"(max-width: 1600px) 100vw, 1600px\" \/><\/p>\n<p>Monasterio de San Juan de los Reyes.<\/p>\n<p><img loading=\"lazy\" class=\"wp-image-3583 alignnone size-full\" src=\"http:\/\/podrozemaleiduze.co\/wp-content\/uploads\/2018\/09\/img-20180929-wa0004306751566087224250.jpg\" width=\"1600\" height=\"1200\" srcset=\"http:\/\/podrozemaleiduze.co\/wp-content\/uploads\/2018\/09\/img-20180929-wa0004306751566087224250.jpg 1600w, http:\/\/podrozemaleiduze.co\/wp-content\/uploads\/2018\/09\/img-20180929-wa0004306751566087224250-300x225.jpg 300w, http:\/\/podrozemaleiduze.co\/wp-content\/uploads\/2018\/09\/img-20180929-wa0004306751566087224250-768x576.jpg 768w, http:\/\/podrozemaleiduze.co\/wp-content\/uploads\/2018\/09\/img-20180929-wa0004306751566087224250-1024x768.jpg 1024w\" sizes=\"(max-width: 1600px) 100vw, 1600px\" \/><\/p>\n<p>Dalej ko\u015bci\u00f3\u0142 Iglesia de Santo Tome z obrazem widz\u0105cego wszystko w czarnych kolorach El Greco.<\/p>\n<p><img loading=\"lazy\" class=\"wp-image-3586 alignnone size-full\" src=\"http:\/\/podrozemaleiduze.co\/wp-content\/uploads\/2018\/09\/img-20180929-wa00142651670108881532703.jpg\" width=\"196\" height=\"240\" \/><\/p>\n<p>i plac Ayuntamiento z katedr\u0105.<\/p>\n<p><img loading=\"lazy\" class=\"aligncenter size-large wp-image-3609\" src=\"http:\/\/podrozemaleiduze.co\/wp-content\/uploads\/2018\/10\/IMG_9494-683x1024.jpg\" alt=\"\" width=\"683\" height=\"1024\" srcset=\"http:\/\/podrozemaleiduze.co\/wp-content\/uploads\/2018\/10\/IMG_9494-683x1024.jpg 683w, http:\/\/podrozemaleiduze.co\/wp-content\/uploads\/2018\/10\/IMG_9494-200x300.jpg 200w, http:\/\/podrozemaleiduze.co\/wp-content\/uploads\/2018\/10\/IMG_9494-768x1152.jpg 768w\" sizes=\"(max-width: 683px) 100vw, 683px\" \/><\/p>\n<p>&nbsp;<\/p>\n<p>Najwi\u0119ksz\u0105 jednak przyjemno\u015b\u0107 sprawia nam chodzenie w labiryncie stromych uliczek.<\/p>\n<p><img loading=\"lazy\" class=\"aligncenter size-large wp-image-3610\" src=\"http:\/\/podrozemaleiduze.co\/wp-content\/uploads\/2018\/10\/IMG_9504-683x1024.jpg\" alt=\"\" width=\"683\" height=\"1024\" srcset=\"http:\/\/podrozemaleiduze.co\/wp-content\/uploads\/2018\/10\/IMG_9504-683x1024.jpg 683w, http:\/\/podrozemaleiduze.co\/wp-content\/uploads\/2018\/10\/IMG_9504-200x300.jpg 200w, http:\/\/podrozemaleiduze.co\/wp-content\/uploads\/2018\/10\/IMG_9504-768x1152.jpg 768w\" sizes=\"(max-width: 683px) 100vw, 683px\" \/><\/p>\n<p>Z tego rozp\u0119du zapominamy kupi\u0107 najwa\u017cniejszy wyrob Toledo &#8211; czekoladki marcepanowe.<\/p>\n<p>Najwa\u017cniejsze, \u017ce zd\u0105\u017cymy na nasz autobus powrotny do Madrytu, po\u017cegnaln\u0105 szklaneczk\u0119 wermuta z lodem, metro na lotnisko i samolot powrotny.<\/p>\n<p><img loading=\"lazy\" class=\"aligncenter size-large wp-image-3611\" src=\"http:\/\/podrozemaleiduze.co\/wp-content\/uploads\/2018\/10\/IMG_9452-683x1024.jpg\" alt=\"\" width=\"683\" height=\"1024\" srcset=\"http:\/\/podrozemaleiduze.co\/wp-content\/uploads\/2018\/10\/IMG_9452-683x1024.jpg 683w, http:\/\/podrozemaleiduze.co\/wp-content\/uploads\/2018\/10\/IMG_9452-200x300.jpg 200w, http:\/\/podrozemaleiduze.co\/wp-content\/uploads\/2018\/10\/IMG_9452-768x1152.jpg 768w\" sizes=\"(max-width: 683px) 100vw, 683px\" \/><\/p>\n<p>Przed p\u00f3\u0142noc\u0105 docieramy do domu, a ja w pe\u0142ni usatysfakcjonowana wbijam pinezk\u0119 w \u015brodek Hiszpani. Madryt ju\u017c nie musi nagania\u0107.<\/p>\n<p><img loading=\"lazy\" class=\"wp-image-3599 alignnone size-full\" src=\"http:\/\/podrozemaleiduze.co\/wp-content\/uploads\/2018\/10\/20181001_0143368563443595965989562.jpg\" width=\"2999\" height=\"1458\" srcset=\"http:\/\/podrozemaleiduze.co\/wp-content\/uploads\/2018\/10\/20181001_0143368563443595965989562.jpg 2999w, http:\/\/podrozemaleiduze.co\/wp-content\/uploads\/2018\/10\/20181001_0143368563443595965989562-300x146.jpg 300w, http:\/\/podrozemaleiduze.co\/wp-content\/uploads\/2018\/10\/20181001_0143368563443595965989562-768x373.jpg 768w, http:\/\/podrozemaleiduze.co\/wp-content\/uploads\/2018\/10\/20181001_0143368563443595965989562-1024x498.jpg 1024w\" sizes=\"(max-width: 2999px) 100vw, 2999px\" \/><\/p>\n","protected":false},"excerpt":{"rendered":"<p>W g\u0142owie prze\u015bladuje mnie test jednej z ostatnich piosenek Kazika. Otwieram rano oczy i widz\u0119 nasz\u0105 map\u0119 \u015bwiata, na kt\u00f3rej wielka pinezkowa dziura w Europie. To niedopuszczalne. Nied\u017awied\u017a nie \u015bpi, nied\u017awied\u017a ci\u0105gle planuje. Ryanair z Berlina. L\u0105dujemy w pi\u0105tkow\u0105 prawie&#8230;<\/p>\n","protected":false},"author":1,"featured_media":3592,"comment_status":"open","ping_status":"open","sticky":false,"template":"","format":"standard","meta":[],"categories":[44,2],"tags":[],"yst_prominent_words":[],"_links":{"self":[{"href":"http:\/\/podrozemaleiduze.co\/index.php\/wp-json\/wp\/v2\/posts\/3558"}],"collection":[{"href":"http:\/\/podrozemaleiduze.co\/index.php\/wp-json\/wp\/v2\/posts"}],"about":[{"href":"http:\/\/podrozemaleiduze.co\/index.php\/wp-json\/wp\/v2\/types\/post"}],"author":[{"embeddable":true,"href":"http:\/\/podrozemaleiduze.co\/index.php\/wp-json\/wp\/v2\/users\/1"}],"replies":[{"embeddable":true,"href":"http:\/\/podrozemaleiduze.co\/index.php\/wp-json\/wp\/v2\/comments?post=3558"}],"version-history":[{"count":22,"href":"http:\/\/podrozemaleiduze.co\/index.php\/wp-json\/wp\/v2\/posts\/3558\/revisions"}],"predecessor-version":[{"id":3612,"href":"http:\/\/podrozemaleiduze.co\/index.php\/wp-json\/wp\/v2\/posts\/3558\/revisions\/3612"}],"wp:featuredmedia":[{"embeddable":true,"href":"http:\/\/podrozemaleiduze.co\/index.php\/wp-json\/wp\/v2\/media\/3592"}],"wp:attachment":[{"href":"http:\/\/podrozemaleiduze.co\/index.php\/wp-json\/wp\/v2\/media?parent=3558"}],"wp:term":[{"taxonomy":"category","embeddable":true,"href":"http:\/\/podrozemaleiduze.co\/index.php\/wp-json\/wp\/v2\/categories?post=3558"},{"taxonomy":"post_tag","embeddable":true,"href":"http:\/\/podrozemaleiduze.co\/index.php\/wp-json\/wp\/v2\/tags?post=3558"},{"taxonomy":"yst_prominent_words","embeddable":true,"href":"http:\/\/podrozemaleiduze.co\/index.php\/wp-json\/wp\/v2\/yst_prominent_words?post=3558"}],"curies":[{"name":"wp","href":"https:\/\/api.w.org\/{rel}","templated":true}]}}